{"id":6630,"date":"2020-09-10T23:10:22","date_gmt":"2020-09-10T23:10:22","guid":{"rendered":"https:\/\/deutsch-albanische-schule.al\/?p=6630"},"modified":"2025-08-15T13:27:53","modified_gmt":"2025-08-15T13:27:53","slug":"covid-19-rregullat-e-higjenes-ne-deutsch-albanische-schule","status":"publish","type":"post","link":"https:\/\/deutsch-albanische-schule.al\/de\/covid-19-rregullat-e-higjenes-ne-deutsch-albanische-schule\/","title":{"rendered":"COVID-19, Hygieneregeln an der Deutsch-Albanischen Schule"},"content":{"rendered":"<h2>Folgende Hygienema\u00dfnahmen m\u00fcssen strikt eingehalten werden:<\/h2>\n<ul>\n<li>Mindestens 1,5 m Abstand zu anderen Personen auf dem gesamten Schulgel\u00e4nde, auch wenn es sich um eine Schule handelt.<br \/>\nTragen Sie Schutzmasken. Diese Regel muss auch vor dem Unterricht und in den Pausen beachtet werden.<\/li>\n<li>Das Tragen einer Maske ist Pflicht, bis alle auf ihren jeweiligen Pl\u00e4tzen im Klassenzimmer sitzen.<\/li>\n<li>Die Schutzmaske muss beim Verlassen des Klassenzimmers wieder aufgesetzt werden.<\/li>\n<li>Schutzmasken m\u00fcssen von zu Hause mitgebracht werden.<\/li>\n<li>Die Schule stellt Masken nur in Notf\u00e4llen zur Verf\u00fcgung.<\/li>\n<li>Waschen Sie vor Beginn jeder Unterrichtsstunde Ihre H\u00e4nde mindestens 30 Sekunden lang gr\u00fcndlich mit viel Seife.<\/li>\n<li>Die Masken werden in Rucks\u00e4cken aufbewahrt und nicht auf Tischen abgelegt.<\/li>\n<li>Beachten Sie die Regeln f\u00fcr Husten und Niesen.<\/li>\n<li>Die Klassenzimmer werden regelm\u00e4\u00dfig gel\u00fcftet und der Unterricht findet bei offenen T\u00fcren statt.<\/li>\n<li>Das Teilen von Materialien, Speisen und Getr\u00e4nken (Snacks, Stifte, B\u00fccher) ist nicht gestattet. Entsprechende Hinweisschilder h\u00e4ngen im gesamten Schulgeb\u00e4ude und in den Klassenzimmern. Bodenmarkierungen zeigen den Mindestabstand an, der von allen einzuhalten ist.<\/li>\n<li>Alle Klassenzimmer sind mit Seife und Desinfektionsmittel ausgestattet.<\/li>\n<li>Die Klassenzimmer werden t\u00e4glich gem\u00e4\u00df den Hygienevorschriften gereinigt. Zum Personal geh\u00f6rt auch ein Reinigungskraft, die die R\u00e4umlichkeiten w\u00e4hrend der Pausen reinigt, nachdem die Sch\u00fcler gegangen sind.<\/li>\n<li>Die Geb\u00fchr ist im gesamten Schulgeb\u00e4ude obligatorisch. Sie kann erst erlassen werden, nachdem alle ihre Pl\u00e4tze im Klassenzimmer eingenommen haben.<\/li>\n<li>Personen mit Symptomen jeglicher Art (Fieber, Husten, Atembeschwerden, Verlust des Geschmacks- oder Geruchssinns, Halsschmerzen, Gliederschmerzen, Bauchschmerzen, Durchfall, Kopfschmerzen, Erbrechen) d\u00fcrfen nicht zur Schule kommen und m\u00fcssen zu Hause bleiben. Bitte informieren Sie uns in diesem Fall. Sollten Symptome w\u00e4hrend des Schulbesuchs auftreten, muss der betroffene Sch\u00fcler umgehend abgeholt und einem Arzt vorgestellt werden.<\/li>\n<\/ul>\n<p>&nbsp;<\/p>","protected":false},"excerpt":{"rendered":"<p>Masat e m\u00ebposhtme t\u00eb higjen\u00ebs duhet t\u00eb ndiqen patjet\u00ebr: T\u00eb pakt\u00ebn 1.5m distanc\u00eb nga njer\u00ebzit e tjer\u00eb n\u00eb gjith\u00eb ambientet e shkoll\u00ebs, edhe n\u00ebse \u00ebsht\u00eb e v\u00ebn\u00eb maska mbrojt\u00ebse. Ky rregull duhet t\u00eb respektohet edhe para m\u00ebsimit dhe gjat\u00eb pushimit. Mbajtja e mask\u00ebs \u00ebsht\u00eb e detyrueshme, derisa secili t\u00eb jet\u00eb i ulur n\u00eb vendin p\u00ebrkat\u00ebs &#8230; <a title=\"COVID-19, Hygieneregeln an der Deutsch-Albanischen Schule\" class=\"read-more\" href=\"https:\/\/deutsch-albanische-schule.al\/de\/covid-19-rregullat-e-higjenes-ne-deutsch-albanische-schule\/\" aria-label=\"Mehr Informationen \u00fcber COVID-19, Rregullat e Higjen\u00ebs n\u00eb Deutsch-Albanische Schule\">Weiterlesen<\/a><\/p>","protected":false},"author":1,"featured_media":9828,"comment_status":"closed","ping_status":"closed","sticky":false,"template":"","format":"aside","meta":{"_acf_changed":false,"inline_featured_image":false,"footnotes":""},"categories":[124],"tags":[150,151,152,154,155],"class_list":["post-6630","post","type-post","status-publish","format-aside","has-post-thumbnail","hentry","category-informacione","tag-covid-19","tag-distancim-social","tag-masat-mbrojtese","tag-rregullat","tag-rregullat-e-hygjenes","post_format-post-format-aside"],"acf":[],"_links":{"self":[{"href":"https:\/\/deutsch-albanische-schule.al\/de\/wp-json\/wp\/v2\/posts\/6630","targetHints":{"allow":["GET"]}}],"collection":[{"href":"https:\/\/deutsch-albanische-schule.al\/de\/wp-json\/wp\/v2\/posts"}],"about":[{"href":"https:\/\/deutsch-albanische-schule.al\/de\/wp-json\/wp\/v2\/types\/post"}],"author":[{"embeddable":true,"href":"https:\/\/deutsch-albanische-schule.al\/de\/wp-json\/wp\/v2\/users\/1"}],"replies":[{"embeddable":true,"href":"https:\/\/deutsch-albanische-schule.al\/de\/wp-json\/wp\/v2\/comments?post=6630"}],"version-history":[{"count":0,"href":"https:\/\/deutsch-albanische-schule.al\/de\/wp-json\/wp\/v2\/posts\/6630\/revisions"}],"wp:featuredmedia":[{"embeddable":true,"href":"https:\/\/deutsch-albanische-schule.al\/de\/wp-json\/wp\/v2\/media\/9828"}],"wp:attachment":[{"href":"https:\/\/deutsch-albanische-schule.al\/de\/wp-json\/wp\/v2\/media?parent=6630"}],"wp:term":[{"taxonomy":"category","embeddable":true,"href":"https:\/\/deutsch-albanische-schule.al\/de\/wp-json\/wp\/v2\/categories?post=6630"},{"taxonomy":"post_tag","embeddable":true,"href":"https:\/\/deutsch-albanische-schule.al\/de\/wp-json\/wp\/v2\/tags?post=6630"}],"curies":[{"name":"wp","href":"https:\/\/api.w.org\/{rel}","templated":true}]}}