{"id":5134,"date":"2017-10-31T13:55:23","date_gmt":"2017-10-31T13:55:23","guid":{"rendered":"https:\/\/deutsch-albanische-schule.al\/?p=5134"},"modified":"2025-08-15T13:41:15","modified_gmt":"2025-08-15T13:41:15","slug":"halloween","status":"publish","type":"post","link":"https:\/\/deutsch-albanische-schule.al\/de\/halloween\/","title":{"rendered":"Halloween"},"content":{"rendered":"<p>Monstrat tan\u00eb t\u00eb vegj\u00ebl ishin tek parku i madh i Tiran\u00ebs n\u00eb dit\u00ebn e Halloween-it, ku me motin e bukur e t\u00eb ngroht\u00eb mblodh\u00ebm materiale natyror\u00eb, si gjethe shum\u00ebngjyr\u00ebshe, deg\u00eb dhe boh\u00e7e t\u00eb pem\u00ebve. Me k\u00ebto materiale f\u00ebmij\u00ebt krijuan figura t\u00eb frikshme.<\/p>\n<p>[vc_gallery type=&#8221;image_grid&#8221; images=&#8221;5135,5136,5137,5138&#8243; img_size=&#8221;&#8221;]<\/p>","protected":false},"excerpt":{"rendered":"<p>Monstrat tan\u00eb t\u00eb vegj\u00ebl ishin tek parku i madh i Tiran\u00ebs n\u00eb dit\u00ebn e Halloween-it, ku me motin e bukur e t\u00eb ngroht\u00eb mblodh\u00ebm materiale natyror\u00eb, si gjethe shum\u00ebngjyr\u00ebshe, deg\u00eb dhe boh\u00e7e t\u00eb pem\u00ebve. Me k\u00ebto materiale f\u00ebmij\u00ebt krijuan figura t\u00eb frikshme. [vc_gallery type=&#8221;image_grid&#8221; images=&#8221;5135,5136,5137,5138&#8243; img_size=&#8221;&#8221;]<\/p>","protected":false},"author":1,"featured_media":5881,"comment_status":"closed","ping_status":"closed","sticky":false,"template":"","format":"standard","meta":{"_acf_changed":false,"inline_featured_image":false,"footnotes":""},"categories":[121,122],"tags":[],"class_list":["post-5134","post","type-post","status-publish","format-standard","has-post-thumbnail","hentry","category-blog-de-2","category-feiertage-veranstaltungen"],"acf":[],"_links":{"self":[{"href":"https:\/\/deutsch-albanische-schule.al\/de\/wp-json\/wp\/v2\/posts\/5134","targetHints":{"allow":["GET"]}}],"collection":[{"href":"https:\/\/deutsch-albanische-schule.al\/de\/wp-json\/wp\/v2\/posts"}],"about":[{"href":"https:\/\/deutsch-albanische-schule.al\/de\/wp-json\/wp\/v2\/types\/post"}],"author":[{"embeddable":true,"href":"https:\/\/deutsch-albanische-schule.al\/de\/wp-json\/wp\/v2\/users\/1"}],"replies":[{"embeddable":true,"href":"https:\/\/deutsch-albanische-schule.al\/de\/wp-json\/wp\/v2\/comments?post=5134"}],"version-history":[{"count":0,"href":"https:\/\/deutsch-albanische-schule.al\/de\/wp-json\/wp\/v2\/posts\/5134\/revisions"}],"wp:featuredmedia":[{"embeddable":true,"href":"https:\/\/deutsch-albanische-schule.al\/de\/wp-json\/"}],"wp:attachment":[{"href":"https:\/\/deutsch-albanische-schule.al\/de\/wp-json\/wp\/v2\/media?parent=5134"}],"wp:term":[{"taxonomy":"category","embeddable":true,"href":"https:\/\/deutsch-albanische-schule.al\/de\/wp-json\/wp\/v2\/categories?post=5134"},{"taxonomy":"post_tag","embeddable":true,"href":"https:\/\/deutsch-albanische-schule.al\/de\/wp-json\/wp\/v2\/tags?post=5134"}],"curies":[{"name":"wp","href":"https:\/\/api.w.org\/{rel}","templated":true}]}}