{"id":5128,"date":"2017-11-22T13:51:53","date_gmt":"2017-11-22T13:51:53","guid":{"rendered":"https:\/\/deutsch-albanische-schule.al\/?p=5128"},"modified":"2017-11-22T13:51:53","modified_gmt":"2017-11-22T13:51:53","slug":"leximi-nderton","status":"publish","type":"post","link":"https:\/\/deutsch-albanische-schule.al\/de\/leximi-nderton\/","title":{"rendered":"Lesen bildet!"},"content":{"rendered":"<p>Sch\u00fcler der 4. und 5. Klasse besuchten diese Woche die 20. Buchmesse im Palace of Congress, wo sie die Gelegenheit hatten, ihre Lieblingstitel zu kaufen und einige ihrer Lieblingsautoren pers\u00f6nlich kennenzulernen.<\/p>\n<p>[vc_gallery type=&#8221;image_grid&#8221; images=&#8221;5129,5130,5131&#8243; img_size=&#8221;&#8221;]<\/p>","protected":false},"excerpt":{"rendered":"<p>Nx\u00ebn\u00ebsit e klas\u00ebs s\u00eb 4-t dhe t\u00eb 5-t\u00eb vizituan k\u00ebt\u00eb jav\u00eb Panairin e 20 t\u00eb Librit, tek Pallati i Kongreseve, ku pat\u00ebn mund\u00ebsi t\u00eb blinin edhe titujt e tyre t\u00eb preferuar dhe t\u00eb njiheshin nga af\u00ebr me disa nga shkrimtar\u00ebt me t\u00eb dashur. [vc_gallery type=&#8221;image_grid&#8221; images=&#8221;5129,5130,5131&#8243; img_size=&#8221;&#8221;]<\/p>","protected":false},"author":1,"featured_media":0,"comment_status":"closed","ping_status":"closed","sticky":false,"template":"","format":"standard","meta":{"_acf_changed":false,"inline_featured_image":false,"footnotes":""},"categories":[119,120],"tags":[],"class_list":["post-5128","post","type-post","status-publish","format-standard","hentry","category-blog","category-festa-evente"],"acf":[],"_links":{"self":[{"href":"https:\/\/deutsch-albanische-schule.al\/de\/wp-json\/wp\/v2\/posts\/5128","targetHints":{"allow":["GET"]}}],"collection":[{"href":"https:\/\/deutsch-albanische-schule.al\/de\/wp-json\/wp\/v2\/posts"}],"about":[{"href":"https:\/\/deutsch-albanische-schule.al\/de\/wp-json\/wp\/v2\/types\/post"}],"author":[{"embeddable":true,"href":"https:\/\/deutsch-albanische-schule.al\/de\/wp-json\/wp\/v2\/users\/1"}],"replies":[{"embeddable":true,"href":"https:\/\/deutsch-albanische-schule.al\/de\/wp-json\/wp\/v2\/comments?post=5128"}],"version-history":[{"count":0,"href":"https:\/\/deutsch-albanische-schule.al\/de\/wp-json\/wp\/v2\/posts\/5128\/revisions"}],"wp:attachment":[{"href":"https:\/\/deutsch-albanische-schule.al\/de\/wp-json\/wp\/v2\/media?parent=5128"}],"wp:term":[{"taxonomy":"category","embeddable":true,"href":"https:\/\/deutsch-albanische-schule.al\/de\/wp-json\/wp\/v2\/categories?post=5128"},{"taxonomy":"post_tag","embeddable":true,"href":"https:\/\/deutsch-albanische-schule.al\/de\/wp-json\/wp\/v2\/tags?post=5128"}],"curies":[{"name":"wp","href":"https:\/\/api.w.org\/{rel}","templated":true}]}}