{"id":5107,"date":"2018-02-01T13:42:54","date_gmt":"2018-02-01T13:42:54","guid":{"rendered":"https:\/\/deutsch-albanische-schule.al\/?p=5107"},"modified":"2018-02-01T13:42:54","modified_gmt":"2018-02-01T13:42:54","slug":"ekskursion-ne-kruje-2","status":"publish","type":"post","link":"https:\/\/deutsch-albanische-schule.al\/de\/ekskursion-ne-kruje-2\/","title":{"rendered":"Ausflug nach Kruja"},"content":{"rendered":"<p>Der Ausflug nach Kruja kn\u00fcpfte erneut an die Geschichte Albaniens an.<br \/>\nIm Skanderbeg-Museum erfuhren wir mehr \u00fcber seine K\u00e4mpfe gegen die Osmanen. Im Ethnographischen Museum sahen wir die Lebensbedingungen des 18. Jahrhunderts, Wohnr\u00e4ume, Werkzeuge und Kleidung der reichen albanischen Kultur.<br \/>\nNach einem Bummel \u00fcber den Basar bestiegen wir den Kruja-Berg, von dem aus wir einen herrlichen Blick \u00fcber die gesamte Stadt hatten.<\/p>\n<p>[vc_gallery type=&#8221;image_grid&#8221; images=&#8221;5108,5109,5110,5111,5112,5113&#8243; img_size=&#8221;&#8221;]<\/p>","protected":false},"excerpt":{"rendered":"<p>Der Ausflug nach Kruja stand erneut ganz im Zeichen der albanischen Geschichte. Im Skanderbeg-Museum erfuhren wir mehr \u00fcber seine K\u00e4mpfe gegen die Osmanen. Im Ethnographischen Museum konnten wir uns ein Bild von den Lebensbedingungen im 18. Jahrhundert machen und die Wohnr\u00e4ume, Werkzeuge und Kleidung der reichen albanischen Kultur bewundern. Nach einem Bummel \u00fcber den Basar ging es hinauf auf den Gipfel des \u2026 <a title=\"Ausflug nach Kruja\" class=\"read-more\" href=\"https:\/\/deutsch-albanische-schule.al\/de\/ekskursion-ne-kruje-2\/\" aria-label=\"Mehr Informationen \u00fcber Ekskursion n\u00eb Kruj\u00eb\">Weiterlesen<\/a><\/p>","protected":false},"author":1,"featured_media":0,"comment_status":"closed","ping_status":"closed","sticky":false,"template":"","format":"standard","meta":{"_acf_changed":false,"inline_featured_image":false,"footnotes":""},"categories":[119,120],"tags":[],"class_list":["post-5107","post","type-post","status-publish","format-standard","hentry","category-blog","category-festa-evente"],"acf":[],"_links":{"self":[{"href":"https:\/\/deutsch-albanische-schule.al\/de\/wp-json\/wp\/v2\/posts\/5107","targetHints":{"allow":["GET"]}}],"collection":[{"href":"https:\/\/deutsch-albanische-schule.al\/de\/wp-json\/wp\/v2\/posts"}],"about":[{"href":"https:\/\/deutsch-albanische-schule.al\/de\/wp-json\/wp\/v2\/types\/post"}],"author":[{"embeddable":true,"href":"https:\/\/deutsch-albanische-schule.al\/de\/wp-json\/wp\/v2\/users\/1"}],"replies":[{"embeddable":true,"href":"https:\/\/deutsch-albanische-schule.al\/de\/wp-json\/wp\/v2\/comments?post=5107"}],"version-history":[{"count":0,"href":"https:\/\/deutsch-albanische-schule.al\/de\/wp-json\/wp\/v2\/posts\/5107\/revisions"}],"wp:attachment":[{"href":"https:\/\/deutsch-albanische-schule.al\/de\/wp-json\/wp\/v2\/media?parent=5107"}],"wp:term":[{"taxonomy":"category","embeddable":true,"href":"https:\/\/deutsch-albanische-schule.al\/de\/wp-json\/wp\/v2\/categories?post=5107"},{"taxonomy":"post_tag","embeddable":true,"href":"https:\/\/deutsch-albanische-schule.al\/de\/wp-json\/wp\/v2\/tags?post=5107"}],"curies":[{"name":"wp","href":"https:\/\/api.w.org\/{rel}","templated":true}]}}