{"id":5101,"date":"2018-02-05T13:39:51","date_gmt":"2018-02-05T13:39:51","guid":{"rendered":"https:\/\/deutsch-albanische-schule.al\/?p=5101"},"modified":"2018-02-05T13:39:51","modified_gmt":"2018-02-05T13:39:51","slug":"ne-teater","status":"publish","type":"post","link":"https:\/\/deutsch-albanische-schule.al\/de\/ne-teater\/","title":{"rendered":"Im Theater"},"content":{"rendered":"<p>F\u00fcr die Erst- und Zweitkl\u00e4ssler unserer Schule war am Freitag ein Theaterbesuch geplant.<br \/>\nIm Experimentaltheater sahen die Kinder das Theaterst\u00fcck \u201eMatilda\u201c.<br \/>\nMatildas Eltern mochten keine B\u00fccher und verboten ihr das Lesen, aber einige Lehrer halfen Matilda. Sie war ein kluges M\u00e4dchen und eine sehr gute Sch\u00fclerin.<br \/>\nUnsere Sch\u00fcler haben die Show sehr genossen und verstanden, dass B\u00fccher f\u00fcr den Lernprozess sehr wichtig sind.<\/p>\n<p>[vc_gallery type=&#8221;image_grid&#8221; images=&#8221;5102,5103,5104,5105&#8243; img_size=&#8221;&#8221;]<\/p>","protected":false},"excerpt":{"rendered":"<p>Am Freitag stand ein Theaterbesuch f\u00fcr die Erst- und Zweitkl\u00e4ssler unserer Schule auf dem Programm. Im Experimentaltheater sahen die Kinder das St\u00fcck \u201eMatilda\u201c. Matildas Eltern mochten keine B\u00fccher und verboten ihr das Lesen, doch einige Lehrer halfen ihr. Sie war ein kluges M\u00e4dchen und eine gute Sch\u00fclerin\u2026 <a title=\"Im Theater\" class=\"read-more\" href=\"https:\/\/deutsch-albanische-schule.al\/de\/ne-teater\/\" aria-label=\"Mehr Informationen \u00fcber N\u00eb teat\u00ebr\">Weiterlesen<\/a><\/p>","protected":false},"author":1,"featured_media":0,"comment_status":"closed","ping_status":"closed","sticky":false,"template":"","format":"standard","meta":{"_acf_changed":false,"inline_featured_image":false,"footnotes":""},"categories":[119,120],"tags":[],"class_list":["post-5101","post","type-post","status-publish","format-standard","hentry","category-blog","category-festa-evente"],"acf":[],"_links":{"self":[{"href":"https:\/\/deutsch-albanische-schule.al\/de\/wp-json\/wp\/v2\/posts\/5101","targetHints":{"allow":["GET"]}}],"collection":[{"href":"https:\/\/deutsch-albanische-schule.al\/de\/wp-json\/wp\/v2\/posts"}],"about":[{"href":"https:\/\/deutsch-albanische-schule.al\/de\/wp-json\/wp\/v2\/types\/post"}],"author":[{"embeddable":true,"href":"https:\/\/deutsch-albanische-schule.al\/de\/wp-json\/wp\/v2\/users\/1"}],"replies":[{"embeddable":true,"href":"https:\/\/deutsch-albanische-schule.al\/de\/wp-json\/wp\/v2\/comments?post=5101"}],"version-history":[{"count":0,"href":"https:\/\/deutsch-albanische-schule.al\/de\/wp-json\/wp\/v2\/posts\/5101\/revisions"}],"wp:attachment":[{"href":"https:\/\/deutsch-albanische-schule.al\/de\/wp-json\/wp\/v2\/media?parent=5101"}],"wp:term":[{"taxonomy":"category","embeddable":true,"href":"https:\/\/deutsch-albanische-schule.al\/de\/wp-json\/wp\/v2\/categories?post=5101"},{"taxonomy":"post_tag","embeddable":true,"href":"https:\/\/deutsch-albanische-schule.al\/de\/wp-json\/wp\/v2\/tags?post=5101"}],"curies":[{"name":"wp","href":"https:\/\/api.w.org\/{rel}","templated":true}]}}